{"id":707,"date":"2021-09-08T23:16:08","date_gmt":"2021-09-08T21:16:08","guid":{"rendered":"https:\/\/sch\u00fctzenverein-grussendorf.de\/?p=707"},"modified":"2025-02-10T21:58:34","modified_gmt":"2025-02-10T20:58:34","slug":"generalversammlung-2021-nach-18-jahren-ein-wechsel-an-der-spitze","status":"publish","type":"post","link":"https:\/\/sch\u00fctzenverein-grussendorf.de\/?p=707","title":{"rendered":"Generalversammlung 2021 &#8211; Nach 18 Jahren ein Wechsel an der Spitze"},"content":{"rendered":"\r\n<p>Der 1. Vorsitzende Peter\u00a0Schillberg\u00a0begr\u00fc\u00dfte nunmehr zum 17. Mal die Mitglieder des Sch\u00fctzenvereins\u00a0Gru\u00dfendorf\u00a0zur Generalversammlung, die aufgrund der Pandemie erst jetzt und nicht wie \u00fcblich im Januar durchgef\u00fchrt wurde.\u00a0<\/p>\r\n\r\n\r\n\r\n<p>Aufgrund der\u00a0Coronakrise\u00a0fanden im Jahr 2020 leider keine Veranstaltungen statt. Auch der Schie\u00dfbetrieb musste nach dem &#8222;Entenschie\u00dfen&#8220; im Fr\u00fchjahr eingestellt werden und konnte nur im Sommer 2020 noch einmal eingeschr\u00e4nkt f\u00fcr eine kurze Zeit aufgenommen werden.\u00a0<\/p>\r\n\r\n\r\n\r\n<p>Die durchgef\u00fchrten Vorstandswahlen best\u00e4tigten die 1. Kassenf\u00fchrerin Joanna Asche und den 1. Schriftf\u00fchrer Stefan\u00a0B\u00fcggener\u00a0einstimmig in ihren \u00c4mtern. Als 2. Vorsitzende wird zuk\u00fcnftig Michaela\u00a0Odendahl\u00a0den Sch\u00fctzenverein unterst\u00fctzen und die Koordination des Festausschusses verantworten.<\/p>\r\n\r\n\r\n\r\n<p>Nach fast 17 Jahren als 1. Vorsitzender erkl\u00e4rte Peter Schillberg, dass er sein Amt nicht weiter aus\u00fcben werde. Zu seiner Nachfolge wurde einstimmig Marcus Cordes gew\u00e4hlt. Dieser bedankte sich f\u00fcr das entgegengebrachte Vertrauen und freut sich auf die Zukunft, die nur mit allen gemeinsam bew\u00e4ltigt werden kann.\u00a0<\/p>\r\n\r\n\r\n\r\n<div class=\"wp-block-image\">\r\n<figure class=\"alignright size-large\"><img loading=\"lazy\" decoding=\"async\" width=\"1024\" height=\"515\" class=\"wp-image-734\" src=\"https:\/\/xn--schtzenverein-grussendorf-hwc.de\/wp-content\/uploads\/2021\/09\/Generalversammlung-04.09.21-1024x515.png\" alt=\"\" srcset=\"https:\/\/xn--schtzenverein-grussendorf-hwc.de\/wp-content\/uploads\/2021\/09\/Generalversammlung-04.09.21-1024x515.png 1024w, https:\/\/xn--schtzenverein-grussendorf-hwc.de\/wp-content\/uploads\/2021\/09\/Generalversammlung-04.09.21-300x151.png 300w, https:\/\/xn--schtzenverein-grussendorf-hwc.de\/wp-content\/uploads\/2021\/09\/Generalversammlung-04.09.21-768x387.png 768w, https:\/\/xn--schtzenverein-grussendorf-hwc.de\/wp-content\/uploads\/2021\/09\/Generalversammlung-04.09.21-500x252.png 500w, https:\/\/xn--schtzenverein-grussendorf-hwc.de\/wp-content\/uploads\/2021\/09\/Generalversammlung-04.09.21.png 1530w\" sizes=\"auto, (max-width: 1024px) 100vw, 1024px\" \/>\r\n<figcaption>Marcus Cordes und Michaela Odendahl &#8211; Die neuen Vorsitzenden des Sch\u00fctzenvereins Gru\u00dfendorf<\/figcaption>\r\n<\/figure>\r\n<\/div>\r\n\r\n\r\n\r\n<p>Marcus Cordes und Michaela\u00a0Odendahl\u00a0bedankten sich bei dem ehemaligen 2. Vorsitzenden Ralf\u00a0Tepper\u00a0und dem ehemaligen 1. Vorsitzenden Peter\u00a0Schillberg\u00a0f\u00fcr Ihre geleistete Arbeit im Verein.<\/p>\r\n\r\n\r\n\r\n<p>Zum Abschluss der Sitzung wurde Peter\u00a0Schillberg\u00a0zur W\u00fcrdigung seiner au\u00dferordentlichen Verdienste unter Standing Ovations zum Ehrenvorsitzenden des Sch\u00fctzenvereins\u00a0Gru\u00dfendorf\u00a0ernannt.\u00a0<\/p>\r\n\r\n\r\n\r\n<p>Wie sich der neue Vorstand zusammensetzt findet Ihr hier: <a href=\"https:\/\/sch\u00fctzenverein-grussendorf.de\/?page_id=13\" data-type=\"page\" data-id=\"13\">Vorstand des Sch\u00fctzenvereins<\/a><\/p>\r\n","protected":false},"excerpt":{"rendered":"<p>Der 1. Vorsitzende Peter\u00a0Schillberg\u00a0begr\u00fc\u00dfte nunmehr zum 17. Mal die Mitglieder des Sch\u00fctzenvereins\u00a0Gru\u00dfendorf\u00a0zur Generalversammlung, die aufgrund der Pandemie erst jetzt und nicht wie \u00fcblich im Januar durchgef\u00fchrt wurde.\u00a0 Aufgrund der\u00a0Coronakrise\u00a0fanden im Jahr 2020 leider keine Veranstaltungen statt. Auch der Schie\u00dfbetrieb musste &hellip; <a href=\"https:\/\/sch\u00fctzenverein-grussendorf.de\/?p=707\">Weiterlesen <span class=\"meta-nav\">&rarr;<\/span><\/a><\/p>\n","protected":false},"author":1,"featured_media":0,"comment_status":"closed","ping_status":"open","sticky":false,"template":"","format":"standard","meta":{"footnotes":""},"categories":[15],"tags":[],"class_list":["post-707","post","type-post","status-publish","format-standard","hentry","category-aktuelles"],"_links":{"self":[{"href":"https:\/\/sch\u00fctzenverein-grussendorf.de\/index.php?rest_route=\/wp\/v2\/posts\/707","targetHints":{"allow":["GET"]}}],"collection":[{"href":"https:\/\/sch\u00fctzenverein-grussendorf.de\/index.php?rest_route=\/wp\/v2\/posts"}],"about":[{"href":"https:\/\/sch\u00fctzenverein-grussendorf.de\/index.php?rest_route=\/wp\/v2\/types\/post"}],"author":[{"embeddable":true,"href":"https:\/\/sch\u00fctzenverein-grussendorf.de\/index.php?rest_route=\/wp\/v2\/users\/1"}],"replies":[{"embeddable":true,"href":"https:\/\/sch\u00fctzenverein-grussendorf.de\/index.php?rest_route=%2Fwp%2Fv2%2Fcomments&post=707"}],"version-history":[{"count":8,"href":"https:\/\/sch\u00fctzenverein-grussendorf.de\/index.php?rest_route=\/wp\/v2\/posts\/707\/revisions"}],"predecessor-version":[{"id":2276,"href":"https:\/\/sch\u00fctzenverein-grussendorf.de\/index.php?rest_route=\/wp\/v2\/posts\/707\/revisions\/2276"}],"wp:attachment":[{"href":"https:\/\/sch\u00fctzenverein-grussendorf.de\/index.php?rest_route=%2Fwp%2Fv2%2Fmedia&parent=707"}],"wp:term":[{"taxonomy":"category","embeddable":true,"href":"https:\/\/sch\u00fctzenverein-grussendorf.de\/index.php?rest_route=%2Fwp%2Fv2%2Fcategories&post=707"},{"taxonomy":"post_tag","embeddable":true,"href":"https:\/\/sch\u00fctzenverein-grussendorf.de\/index.php?rest_route=%2Fwp%2Fv2%2Ftags&post=707"}],"curies":[{"name":"wp","href":"https:\/\/api.w.org\/{rel}","templated":true}]}}